{"id":83934,"date":"2026-09-06T09:29:40","date_gmt":"2026-09-06T07:29:40","guid":{"rendered":"https:\/\/atelier-cerise-et-lin.com\/?p=83934"},"modified":"2026-09-06T09:29:41","modified_gmt":"2026-09-06T07:29:41","slug":"rentree-en-automne-2","status":"publish","type":"post","link":"https:\/\/atelier-cerise-et-lin.com\/?p=83934","title":{"rendered":"Rentr\u00e9e en automne&#8230;"},"content":{"rendered":"\n<p class=\"wp-block-paragraph\">Cet \u00e9t\u00e9, j&rsquo;ai choisi un joli mod\u00e8le d&rsquo;un adorable petit \u00e9cureuil qui m&rsquo;a fait craquer. C&rsquo;est donc une rentr\u00e9e d&rsquo;automne. Cela ne para\u00eet pas, mais il y a beaucoup de points \u00e0 poser sur le lin et quand P\u00e9n\u00e9lope s&rsquo;invite, c&rsquo;est encore plus long&#8230; Je pensais tout d&rsquo;abord monter cette broderie comme la cr\u00e9atrice, en petit coussin, mais finalement j&rsquo;ai choisi une petite bo\u00eete, pour mon futur march\u00e9 de No\u00ebl&#8230;<\/p>\n\n\n\n<figure class=\"wp-block-image size-large\"><a href=\"https:\/\/atelier-cerise-et-lin.com\/wp-content\/uploads\/2026\/08\/20260830_133649-scaled.jpg\"><img loading=\"lazy\" decoding=\"async\" width=\"1024\" height=\"769\" src=\"https:\/\/atelier-cerise-et-lin.com\/wp-content\/uploads\/2026\/08\/20260830_133649-1024x769.jpg\" alt=\"\" class=\"wp-image-83935\" srcset=\"https:\/\/atelier-cerise-et-lin.com\/wp-content\/uploads\/2026\/08\/20260830_133649-1024x769.jpg 1024w, https:\/\/atelier-cerise-et-lin.com\/wp-content\/uploads\/2026\/08\/20260830_133649-300x225.jpg 300w, https:\/\/atelier-cerise-et-lin.com\/wp-content\/uploads\/2026\/08\/20260830_133649-768x577.jpg 768w, https:\/\/atelier-cerise-et-lin.com\/wp-content\/uploads\/2026\/08\/20260830_133649-1536x1154.jpg 1536w, https:\/\/atelier-cerise-et-lin.com\/wp-content\/uploads\/2026\/08\/20260830_133649-2048x1539.jpg 2048w\" sizes=\"auto, (max-width: 1024px) 100vw, 1024px\" \/><\/a><\/figure>\n\n\n\n<figure class=\"wp-block-image size-large\"><a href=\"https:\/\/atelier-cerise-et-lin.com\/wp-content\/uploads\/2026\/08\/20260830_122407-scaled.jpg\"><img loading=\"lazy\" decoding=\"async\" width=\"1024\" height=\"769\" src=\"https:\/\/atelier-cerise-et-lin.com\/wp-content\/uploads\/2026\/08\/20260830_122407-1024x769.jpg\" alt=\"\" class=\"wp-image-83936\" srcset=\"https:\/\/atelier-cerise-et-lin.com\/wp-content\/uploads\/2026\/08\/20260830_122407-1024x769.jpg 1024w, https:\/\/atelier-cerise-et-lin.com\/wp-content\/uploads\/2026\/08\/20260830_122407-300x225.jpg 300w, https:\/\/atelier-cerise-et-lin.com\/wp-content\/uploads\/2026\/08\/20260830_122407-768x577.jpg 768w, https:\/\/atelier-cerise-et-lin.com\/wp-content\/uploads\/2026\/08\/20260830_122407-1536x1154.jpg 1536w, https:\/\/atelier-cerise-et-lin.com\/wp-content\/uploads\/2026\/08\/20260830_122407-2048x1539.jpg 2048w\" sizes=\"auto, (max-width: 1024px) 100vw, 1024px\" \/><\/a><\/figure>\n\n\n\n<p class=\"has-text-align-center wp-block-paragraph\"><em>Grille \u00ab The little Squirrel \u00bb de&nbsp;Cocette a Gogo&nbsp;brod\u00e9e&nbsp;lin Zweigart Newcastle naturel, avec les fils&nbsp; pr\u00e9conis\u00e9s.&nbsp;Pour la bo\u00eete, tissu Acufactum de ma r\u00e9serve&nbsp;&amp; lin naturel (<a href=\"http:\/\/www.les-fils-du-temps.com\/index.cfm\" target=\"_blank\" rel=\"noopener\">Au fil du temps<\/a>).&nbsp;Bouton bois \u00ab&nbsp;Autumn&nbsp;\u00bb&nbsp;(<a href=\"http:\/\/www.atelierbonheurdujour.com\/index.cfm\" target=\"_blank\" rel=\"noopener\">Atelier Bonheur du Jour<\/a>).<\/em><\/p>\n\n\n\n<figure class=\"wp-block-image size-large\"><a href=\"https:\/\/atelier-cerise-et-lin.com\/wp-content\/uploads\/2026\/08\/20260830_134053-scaled.jpg\"><img loading=\"lazy\" decoding=\"async\" width=\"1024\" height=\"769\" src=\"https:\/\/atelier-cerise-et-lin.com\/wp-content\/uploads\/2026\/08\/20260830_134053-1024x769.jpg\" alt=\"\" class=\"wp-image-83937\" srcset=\"https:\/\/atelier-cerise-et-lin.com\/wp-content\/uploads\/2026\/08\/20260830_134053-1024x769.jpg 1024w, https:\/\/atelier-cerise-et-lin.com\/wp-content\/uploads\/2026\/08\/20260830_134053-300x225.jpg 300w, https:\/\/atelier-cerise-et-lin.com\/wp-content\/uploads\/2026\/08\/20260830_134053-768x577.jpg 768w, https:\/\/atelier-cerise-et-lin.com\/wp-content\/uploads\/2026\/08\/20260830_134053-1536x1154.jpg 1536w, https:\/\/atelier-cerise-et-lin.com\/wp-content\/uploads\/2026\/08\/20260830_134053-2048x1539.jpg 2048w\" sizes=\"auto, (max-width: 1024px) 100vw, 1024px\" \/><\/a><\/figure>\n\n\n\n<figure class=\"wp-block-image size-large\"><a href=\"https:\/\/atelier-cerise-et-lin.com\/wp-content\/uploads\/2026\/08\/20260830_133956-scaled.jpg\"><img loading=\"lazy\" decoding=\"async\" width=\"1024\" height=\"769\" src=\"https:\/\/atelier-cerise-et-lin.com\/wp-content\/uploads\/2026\/08\/20260830_133956-1024x769.jpg\" alt=\"\" class=\"wp-image-83938\" srcset=\"https:\/\/atelier-cerise-et-lin.com\/wp-content\/uploads\/2026\/08\/20260830_133956-1024x769.jpg 1024w, https:\/\/atelier-cerise-et-lin.com\/wp-content\/uploads\/2026\/08\/20260830_133956-300x225.jpg 300w, https:\/\/atelier-cerise-et-lin.com\/wp-content\/uploads\/2026\/08\/20260830_133956-768x577.jpg 768w, https:\/\/atelier-cerise-et-lin.com\/wp-content\/uploads\/2026\/08\/20260830_133956-1536x1154.jpg 1536w, https:\/\/atelier-cerise-et-lin.com\/wp-content\/uploads\/2026\/08\/20260830_133956-2048x1539.jpg 2048w\" sizes=\"auto, (max-width: 1024px) 100vw, 1024px\" \/><\/a><\/figure>\n\n\n\n<p class=\"has-text-align-center wp-block-paragraph\">Heureuse de pouvoir publier \u00e0 nouveau sur mon petit blog et de pouvoir partager avec vous mes cr\u00e9ations, si la newsletter fonctionne&#8230;<\/p>\n\n\n\n<p class=\"has-text-align-center wp-block-paragraph\"><\/p>\n\n\n\n<p class=\"has-text-align-center wp-block-paragraph\"><\/p>\n\n\n\n<p class=\"wp-block-paragraph\"><\/p>\n","protected":false},"excerpt":{"rendered":"<p>Cet \u00e9t\u00e9, j&rsquo;ai choisi un joli mod\u00e8le d&rsquo;un adorable petit \u00e9cureuil qui m&rsquo;a fait craquer. C&rsquo;est donc une rentr\u00e9e d&rsquo;automne. Cela ne para\u00eet pas, mais il y a beaucoup de points \u00e0 poser sur le lin et quand P\u00e9n\u00e9lope s&rsquo;invite, c&rsquo;est encore plus long&#8230; Je pensais tout d&rsquo;abord monter cette broderie comme la cr\u00e9atrice, en &hellip; <a href=\"https:\/\/atelier-cerise-et-lin.com\/?p=83934\" class=\"more-link\">Continuer la lecture de <span class=\"screen-reader-text\">Rentr\u00e9e en automne&#8230;<\/span><\/a><\/p>\n","protected":false},"author":1,"featured_media":0,"comment_status":"open","ping_status":"closed","sticky":false,"template":"","format":"standard","meta":{"footnotes":""},"categories":[9,2],"tags":[],"class_list":["post-83934","post","type-post","status-publish","format-standard","hentry","category-broderie","category-cartonnage"],"_links":{"self":[{"href":"https:\/\/atelier-cerise-et-lin.com\/index.php?rest_route=\/wp\/v2\/posts\/83934","targetHints":{"allow":["GET"]}}],"collection":[{"href":"https:\/\/atelier-cerise-et-lin.com\/index.php?rest_route=\/wp\/v2\/posts"}],"about":[{"href":"https:\/\/atelier-cerise-et-lin.com\/index.php?rest_route=\/wp\/v2\/types\/post"}],"author":[{"embeddable":true,"href":"https:\/\/atelier-cerise-et-lin.com\/index.php?rest_route=\/wp\/v2\/users\/1"}],"replies":[{"embeddable":true,"href":"https:\/\/atelier-cerise-et-lin.com\/index.php?rest_route=%2Fwp%2Fv2%2Fcomments&post=83934"}],"version-history":[{"count":6,"href":"https:\/\/atelier-cerise-et-lin.com\/index.php?rest_route=\/wp\/v2\/posts\/83934\/revisions"}],"predecessor-version":[{"id":83971,"href":"https:\/\/atelier-cerise-et-lin.com\/index.php?rest_route=\/wp\/v2\/posts\/83934\/revisions\/83971"}],"wp:attachment":[{"href":"https:\/\/atelier-cerise-et-lin.com\/index.php?rest_route=%2Fwp%2Fv2%2Fmedia&parent=83934"}],"wp:term":[{"taxonomy":"category","embeddable":true,"href":"https:\/\/atelier-cerise-et-lin.com\/index.php?rest_route=%2Fwp%2Fv2%2Fcategories&post=83934"},{"taxonomy":"post_tag","embeddable":true,"href":"https:\/\/atelier-cerise-et-lin.com\/index.php?rest_route=%2Fwp%2Fv2%2Ftags&post=83934"}],"curies":[{"name":"wp","href":"https:\/\/api.w.org\/{rel}","templated":true}]}}