{"id":316,"date":"2014-11-28T14:51:51","date_gmt":"2014-11-28T13:51:51","guid":{"rendered":"http:\/\/atelier-cerise-et-lin.com\/?p=316"},"modified":"2014-11-28T14:51:51","modified_gmt":"2014-11-28T13:51:51","slug":"ho-ho-ho","status":"publish","type":"post","link":"https:\/\/atelier-cerise-et-lin.com\/?p=316","title":{"rendered":"Ho ! Ho ! Ho ! &#8230;"},"content":{"rendered":"<p>J&rsquo;avais ador\u00e9 ces petites grilles puis r\u00e9sist\u00e9 car ce n&rsquo;\u00e9tait pas raisonnable. Mais apr\u00e8s les f\u00eates de l&rsquo;an dernier, j&rsquo;ai finalement craqu\u00e9 sur ce joli mod\u00e8le de \u00ab\u00a0The Primitive Hare\u00a0\u00bb, que j&rsquo;ai pris plaisir \u00e0 broder durant l&rsquo;hiver. Ce n&rsquo;est que derni\u00e8rement que j&rsquo;ai mont\u00e9 ma broderie en bo\u00eete. Pour le march\u00e9 de No\u00ebl ou pas&#8230;<\/p>\n<p><a href=\"https:\/\/atelier-cerise-et-lin.com\/wp-content\/uploads\/2014\/11\/Bo\u00eete-Santa-156.jpg\"><img loading=\"lazy\" decoding=\"async\" class=\"alignnone size-full wp-image-318\" src=\"https:\/\/atelier-cerise-et-lin.com\/wp-content\/uploads\/2014\/11\/Bo\u00eete-Santa-156.jpg\" alt=\"Bo\u00eete Santa 156\" width=\"1657\" height=\"1257\" srcset=\"https:\/\/atelier-cerise-et-lin.com\/wp-content\/uploads\/2014\/11\/Bo\u00eete-Santa-156.jpg 1657w, https:\/\/atelier-cerise-et-lin.com\/wp-content\/uploads\/2014\/11\/Bo\u00eete-Santa-156-300x227.jpg 300w, https:\/\/atelier-cerise-et-lin.com\/wp-content\/uploads\/2014\/11\/Bo\u00eete-Santa-156-1024x776.jpg 1024w, https:\/\/atelier-cerise-et-lin.com\/wp-content\/uploads\/2014\/11\/Bo\u00eete-Santa-156-600x455.jpg 600w\" sizes=\"auto, (max-width: 1657px) 100vw, 1657px\" \/><\/a><\/p>\n<p style=\"text-align: center;\"><a href=\"https:\/\/atelier-cerise-et-lin.com\/wp-content\/uploads\/2014\/11\/Bo\u00eete-Santa-159.jpg\"><img loading=\"lazy\" decoding=\"async\" class=\"alignnone size-full wp-image-319\" src=\"https:\/\/atelier-cerise-et-lin.com\/wp-content\/uploads\/2014\/11\/Bo\u00eete-Santa-159.jpg\" alt=\"Bo\u00eete Santa 159\" width=\"1657\" height=\"1257\" srcset=\"https:\/\/atelier-cerise-et-lin.com\/wp-content\/uploads\/2014\/11\/Bo\u00eete-Santa-159.jpg 1657w, https:\/\/atelier-cerise-et-lin.com\/wp-content\/uploads\/2014\/11\/Bo\u00eete-Santa-159-300x227.jpg 300w, https:\/\/atelier-cerise-et-lin.com\/wp-content\/uploads\/2014\/11\/Bo\u00eete-Santa-159-1024x776.jpg 1024w, https:\/\/atelier-cerise-et-lin.com\/wp-content\/uploads\/2014\/11\/Bo\u00eete-Santa-159-600x455.jpg 600w\" sizes=\"auto, (max-width: 1657px) 100vw, 1657px\" \/><\/a><\/p>\n<p style=\"text-align: center;\">Grille \u00ab\u00a0Welcome Santa\u00a0\u00bb de <span style=\"color: #808080;\"><a style=\"color: #808080;\" href=\"http:\/\/theprimitivehare.blogspot.fr\/\" target=\"_blank\">The Primitive Hare<\/a><\/span> brod\u00e9e sur lin Zweigart Edimbourg Country Mocha avec les fils pr\u00e9conis\u00e9s. Tissus Moda (Garden Party By Blackbird Designs) et Kensington.<\/p>\n","protected":false},"excerpt":{"rendered":"<p>J&rsquo;avais ador\u00e9 ces petites grilles puis r\u00e9sist\u00e9 car ce n&rsquo;\u00e9tait pas raisonnable. Mais apr\u00e8s les f\u00eates de l&rsquo;an dernier, j&rsquo;ai finalement craqu\u00e9 sur ce joli mod\u00e8le de \u00ab\u00a0The Primitive Hare\u00a0\u00bb, que j&rsquo;ai pris plaisir \u00e0 broder durant l&rsquo;hiver. Ce n&rsquo;est que derni\u00e8rement que j&rsquo;ai mont\u00e9 ma broderie en bo\u00eete. Pour le march\u00e9 de No\u00ebl ou &#8230; <span class=\"more\"><a class=\"more-link\" href=\"https:\/\/atelier-cerise-et-lin.com\/?p=316\">[Read more&#8230;]<\/a><\/span><\/p>\n","protected":false},"author":1,"featured_media":0,"comment_status":"open","ping_status":"open","sticky":false,"template":"","format":"standard","meta":{"footnotes":""},"categories":[2],"tags":[],"class_list":{"0":"entry","1":"post","2":"publish","3":"author-nathalie","4":"post-316","6":"format-standard","7":"category-cartonnage"},"_links":{"self":[{"href":"https:\/\/atelier-cerise-et-lin.com\/index.php?rest_route=\/wp\/v2\/posts\/316","targetHints":{"allow":["GET"]}}],"collection":[{"href":"https:\/\/atelier-cerise-et-lin.com\/index.php?rest_route=\/wp\/v2\/posts"}],"about":[{"href":"https:\/\/atelier-cerise-et-lin.com\/index.php?rest_route=\/wp\/v2\/types\/post"}],"author":[{"embeddable":true,"href":"https:\/\/atelier-cerise-et-lin.com\/index.php?rest_route=\/wp\/v2\/users\/1"}],"replies":[{"embeddable":true,"href":"https:\/\/atelier-cerise-et-lin.com\/index.php?rest_route=%2Fwp%2Fv2%2Fcomments&post=316"}],"version-history":[{"count":6,"href":"https:\/\/atelier-cerise-et-lin.com\/index.php?rest_route=\/wp\/v2\/posts\/316\/revisions"}],"predecessor-version":[{"id":324,"href":"https:\/\/atelier-cerise-et-lin.com\/index.php?rest_route=\/wp\/v2\/posts\/316\/revisions\/324"}],"wp:attachment":[{"href":"https:\/\/atelier-cerise-et-lin.com\/index.php?rest_route=%2Fwp%2Fv2%2Fmedia&parent=316"}],"wp:term":[{"taxonomy":"category","embeddable":true,"href":"https:\/\/atelier-cerise-et-lin.com\/index.php?rest_route=%2Fwp%2Fv2%2Fcategories&post=316"},{"taxonomy":"post_tag","embeddable":true,"href":"https:\/\/atelier-cerise-et-lin.com\/index.php?rest_route=%2Fwp%2Fv2%2Ftags&post=316"}],"curies":[{"name":"wp","href":"https:\/\/api.w.org\/{rel}","templated":true}]}}