{"id":3118,"date":"2019-09-08T08:16:44","date_gmt":"2019-09-08T07:16:44","guid":{"rendered":"http:\/\/atelier-cerise-et-lin.com\/?p=3118"},"modified":"2019-09-08T08:16:44","modified_gmt":"2019-09-08T07:16:44","slug":"rentree-en-automne","status":"publish","type":"post","link":"https:\/\/atelier-cerise-et-lin.com\/?p=3118","title":{"rendered":"Rentr\u00e9e en automne&#8230;"},"content":{"rendered":"\n<p>Je pensais profiter de mes vacances pour m&rsquo;installer dans mon atelier, il n&rsquo;en fut rien. Une seule cr\u00e9ation a vu le jour pour une rentr\u00e9e sous le signe de l&rsquo;automne. Un pr\u00e9sent tardif d&rsquo;anniversaire pour mon amie Samisa avec cette cr\u00e9ation automnale, car elle aime beaucoup cette saison &amp; une citrouille en lainage noir&#8230;<\/p>\n\n\n\n<figure class=\"wp-block-image\"><img loading=\"lazy\" decoding=\"async\" width=\"1024\" height=\"769\" src=\"https:\/\/atelier-cerise-et-lin.com\/wp-content\/uploads\/2019\/09\/Cadre-Midnight-Garden-002-1024x769.jpg\" alt=\"\" class=\"wp-image-3119\" srcset=\"https:\/\/atelier-cerise-et-lin.com\/wp-content\/uploads\/2019\/09\/Cadre-Midnight-Garden-002-1024x769.jpg 1024w, https:\/\/atelier-cerise-et-lin.com\/wp-content\/uploads\/2019\/09\/Cadre-Midnight-Garden-002-300x225.jpg 300w, https:\/\/atelier-cerise-et-lin.com\/wp-content\/uploads\/2019\/09\/Cadre-Midnight-Garden-002-768x577.jpg 768w, https:\/\/atelier-cerise-et-lin.com\/wp-content\/uploads\/2019\/09\/Cadre-Midnight-Garden-002-600x451.jpg 600w\" sizes=\"auto, (max-width: 1024px) 100vw, 1024px\" \/><\/figure>\n\n\n\n<figure class=\"wp-block-image\"><img loading=\"lazy\" decoding=\"async\" width=\"1024\" height=\"769\" src=\"https:\/\/atelier-cerise-et-lin.com\/wp-content\/uploads\/2019\/09\/Cadre-Midnight-Garden-005-1024x769.jpg\" alt=\"\" class=\"wp-image-3120\" srcset=\"https:\/\/atelier-cerise-et-lin.com\/wp-content\/uploads\/2019\/09\/Cadre-Midnight-Garden-005-1024x769.jpg 1024w, https:\/\/atelier-cerise-et-lin.com\/wp-content\/uploads\/2019\/09\/Cadre-Midnight-Garden-005-300x225.jpg 300w, https:\/\/atelier-cerise-et-lin.com\/wp-content\/uploads\/2019\/09\/Cadre-Midnight-Garden-005-768x577.jpg 768w, https:\/\/atelier-cerise-et-lin.com\/wp-content\/uploads\/2019\/09\/Cadre-Midnight-Garden-005-600x451.jpg 600w\" sizes=\"auto, (max-width: 1024px) 100vw, 1024px\" \/><figcaption> Grille \u00abMidnight Garden\u00bb de <a href=\"http:\/\/e-subrosa.blogspot.com\/\">SubRosa<\/a> brod\u00e9e sur lin Zweigart Newcastle Flax avec les fils Anchor noir et DMC 03. Baguette (Cr\u00e9Art Cherbourg). Finition maison. <\/figcaption><\/figure>\n\n\n\n<figure class=\"wp-block-image\"><img loading=\"lazy\" decoding=\"async\" width=\"1024\" height=\"769\" src=\"https:\/\/atelier-cerise-et-lin.com\/wp-content\/uploads\/2019\/09\/Cadre-Midnight-Garden-004-1024x769.jpg\" alt=\"\" class=\"wp-image-3121\" srcset=\"https:\/\/atelier-cerise-et-lin.com\/wp-content\/uploads\/2019\/09\/Cadre-Midnight-Garden-004-1024x769.jpg 1024w, https:\/\/atelier-cerise-et-lin.com\/wp-content\/uploads\/2019\/09\/Cadre-Midnight-Garden-004-300x225.jpg 300w, https:\/\/atelier-cerise-et-lin.com\/wp-content\/uploads\/2019\/09\/Cadre-Midnight-Garden-004-768x577.jpg 768w, https:\/\/atelier-cerise-et-lin.com\/wp-content\/uploads\/2019\/09\/Cadre-Midnight-Garden-004-600x451.jpg 600w\" sizes=\"auto, (max-width: 1024px) 100vw, 1024px\" \/><\/figure>\n\n\n\n<figure class=\"wp-block-image\"><img loading=\"lazy\" decoding=\"async\" width=\"1024\" height=\"769\" src=\"https:\/\/atelier-cerise-et-lin.com\/wp-content\/uploads\/2019\/09\/Cadre-Midnight-Garden-012-1024x769.jpg\" alt=\"\" class=\"wp-image-3122\" srcset=\"https:\/\/atelier-cerise-et-lin.com\/wp-content\/uploads\/2019\/09\/Cadre-Midnight-Garden-012-1024x769.jpg 1024w, https:\/\/atelier-cerise-et-lin.com\/wp-content\/uploads\/2019\/09\/Cadre-Midnight-Garden-012-300x225.jpg 300w, https:\/\/atelier-cerise-et-lin.com\/wp-content\/uploads\/2019\/09\/Cadre-Midnight-Garden-012-768x577.jpg 768w, https:\/\/atelier-cerise-et-lin.com\/wp-content\/uploads\/2019\/09\/Cadre-Midnight-Garden-012-600x451.jpg 600w\" sizes=\"auto, (max-width: 1024px) 100vw, 1024px\" \/><\/figure>\n","protected":false},"excerpt":{"rendered":"<p>Je pensais profiter de mes vacances pour m&rsquo;installer dans mon atelier, il n&rsquo;en fut rien. Une seule cr\u00e9ation a vu le jour pour une rentr\u00e9e sous le signe de l&rsquo;automne. Un pr\u00e9sent tardif d&rsquo;anniversaire pour mon amie Samisa avec cette cr\u00e9ation automnale, car elle aime beaucoup cette saison &amp; une citrouille en lainage noir&#8230;<\/p>\n","protected":false},"author":1,"featured_media":0,"comment_status":"open","ping_status":"open","sticky":false,"template":"","format":"standard","meta":{"footnotes":""},"categories":[9],"tags":[],"class_list":{"0":"entry","1":"post","2":"publish","3":"author-nathalie","4":"post-3118","6":"format-standard","7":"category-broderie"},"_links":{"self":[{"href":"https:\/\/atelier-cerise-et-lin.com\/index.php?rest_route=\/wp\/v2\/posts\/3118","targetHints":{"allow":["GET"]}}],"collection":[{"href":"https:\/\/atelier-cerise-et-lin.com\/index.php?rest_route=\/wp\/v2\/posts"}],"about":[{"href":"https:\/\/atelier-cerise-et-lin.com\/index.php?rest_route=\/wp\/v2\/types\/post"}],"author":[{"embeddable":true,"href":"https:\/\/atelier-cerise-et-lin.com\/index.php?rest_route=\/wp\/v2\/users\/1"}],"replies":[{"embeddable":true,"href":"https:\/\/atelier-cerise-et-lin.com\/index.php?rest_route=%2Fwp%2Fv2%2Fcomments&post=3118"}],"version-history":[{"count":7,"href":"https:\/\/atelier-cerise-et-lin.com\/index.php?rest_route=\/wp\/v2\/posts\/3118\/revisions"}],"predecessor-version":[{"id":3129,"href":"https:\/\/atelier-cerise-et-lin.com\/index.php?rest_route=\/wp\/v2\/posts\/3118\/revisions\/3129"}],"wp:attachment":[{"href":"https:\/\/atelier-cerise-et-lin.com\/index.php?rest_route=%2Fwp%2Fv2%2Fmedia&parent=3118"}],"wp:term":[{"taxonomy":"category","embeddable":true,"href":"https:\/\/atelier-cerise-et-lin.com\/index.php?rest_route=%2Fwp%2Fv2%2Fcategories&post=3118"},{"taxonomy":"post_tag","embeddable":true,"href":"https:\/\/atelier-cerise-et-lin.com\/index.php?rest_route=%2Fwp%2Fv2%2Ftags&post=3118"}],"curies":[{"name":"wp","href":"https:\/\/api.w.org\/{rel}","templated":true}]}}