{"id":298,"date":"2014-11-21T14:04:05","date_gmt":"2014-11-21T13:04:05","guid":{"rendered":"http:\/\/atelier-cerise-et-lin.com\/?p=298"},"modified":"2014-11-21T14:04:05","modified_gmt":"2014-11-21T13:04:05","slug":"marche-de-noel-2014","status":"publish","type":"post","link":"https:\/\/atelier-cerise-et-lin.com\/?p=298","title":{"rendered":"March\u00e9 de No\u00ebl 2014&#8230;"},"content":{"rendered":"<p>C&rsquo;est le moment de finitionner les broderies et les encours afin de charger le tra\u00eeneau pour le march\u00e9 de No\u00ebl. Parmi toutes celles en attente, une petite broderie de Tralala brod\u00e9e \u00e0 la fin de l&rsquo;hiver dernier que je viens de monter en bo\u00eete-livre dans des tons tout doux&#8230;<\/p>\n<p><a href=\"https:\/\/atelier-cerise-et-lin.com\/wp-content\/uploads\/2014\/11\/Bo\u00eete-No\u00ebl-Tralala-003.jpg\"><img loading=\"lazy\" decoding=\"async\" class=\"alignnone size-full wp-image-299\" src=\"https:\/\/atelier-cerise-et-lin.com\/wp-content\/uploads\/2014\/11\/Bo\u00eete-No\u00ebl-Tralala-003.jpg\" alt=\"Bo\u00eete No\u00ebl - Tralala 003\" width=\"1636\" height=\"1236\" srcset=\"https:\/\/atelier-cerise-et-lin.com\/wp-content\/uploads\/2014\/11\/Bo\u00eete-No\u00ebl-Tralala-003.jpg 1636w, https:\/\/atelier-cerise-et-lin.com\/wp-content\/uploads\/2014\/11\/Bo\u00eete-No\u00ebl-Tralala-003-300x226.jpg 300w, https:\/\/atelier-cerise-et-lin.com\/wp-content\/uploads\/2014\/11\/Bo\u00eete-No\u00ebl-Tralala-003-1024x773.jpg 1024w, https:\/\/atelier-cerise-et-lin.com\/wp-content\/uploads\/2014\/11\/Bo\u00eete-No\u00ebl-Tralala-003-600x453.jpg 600w\" sizes=\"auto, (max-width: 1636px) 100vw, 1636px\" \/><\/a><\/p>\n<p><a href=\"https:\/\/atelier-cerise-et-lin.com\/wp-content\/uploads\/2014\/11\/Bo\u00eete-No\u00ebl-Tralala-011.jpg\"><img loading=\"lazy\" decoding=\"async\" class=\"alignnone size-full wp-image-300\" src=\"https:\/\/atelier-cerise-et-lin.com\/wp-content\/uploads\/2014\/11\/Bo\u00eete-No\u00ebl-Tralala-011.jpg\" alt=\"Bo\u00eete No\u00ebl - Tralala 011\" width=\"1636\" height=\"1236\" srcset=\"https:\/\/atelier-cerise-et-lin.com\/wp-content\/uploads\/2014\/11\/Bo\u00eete-No\u00ebl-Tralala-011.jpg 1636w, https:\/\/atelier-cerise-et-lin.com\/wp-content\/uploads\/2014\/11\/Bo\u00eete-No\u00ebl-Tralala-011-300x226.jpg 300w, https:\/\/atelier-cerise-et-lin.com\/wp-content\/uploads\/2014\/11\/Bo\u00eete-No\u00ebl-Tralala-011-1024x773.jpg 1024w, https:\/\/atelier-cerise-et-lin.com\/wp-content\/uploads\/2014\/11\/Bo\u00eete-No\u00ebl-Tralala-011-600x453.jpg 600w\" sizes=\"auto, (max-width: 1636px) 100vw, 1636px\" \/><\/a><\/p>\n<p style=\"text-align: center;\">Grille \u00ab\u00a0Sous la neige&#8230;\u00a0\u00bb de Tralala brod\u00e9e sur lin Zweigart Edimbourg Flax avec les fils pr\u00e9conis\u00e9s. Tissus Moda (Snowman Gathering) &amp; Red Rooster (Too Many Men). Ruban \u00ab\u00a0Gel\u00e9e blanche\u00a0\u00bb (Artemio).<\/p>\n<p>&nbsp;<\/p>\n","protected":false},"excerpt":{"rendered":"<p>C&rsquo;est le moment de finitionner les broderies et les encours afin de charger le tra\u00eeneau pour le march\u00e9 de No\u00ebl. Parmi toutes celles en attente, une petite broderie de Tralala brod\u00e9e \u00e0 la fin de l&rsquo;hiver dernier que je viens de monter en bo\u00eete-livre dans des tons tout doux&#8230; Grille \u00ab\u00a0Sous la neige&#8230;\u00a0\u00bb de Tralala &#8230; <span class=\"more\"><a class=\"more-link\" href=\"https:\/\/atelier-cerise-et-lin.com\/?p=298\">[Read more&#8230;]<\/a><\/span><\/p>\n","protected":false},"author":1,"featured_media":0,"comment_status":"open","ping_status":"open","sticky":false,"template":"","format":"standard","meta":{"footnotes":""},"categories":[2],"tags":[],"class_list":{"0":"entry","1":"post","2":"publish","3":"author-nathalie","4":"post-298","6":"format-standard","7":"category-cartonnage"},"_links":{"self":[{"href":"https:\/\/atelier-cerise-et-lin.com\/index.php?rest_route=\/wp\/v2\/posts\/298","targetHints":{"allow":["GET"]}}],"collection":[{"href":"https:\/\/atelier-cerise-et-lin.com\/index.php?rest_route=\/wp\/v2\/posts"}],"about":[{"href":"https:\/\/atelier-cerise-et-lin.com\/index.php?rest_route=\/wp\/v2\/types\/post"}],"author":[{"embeddable":true,"href":"https:\/\/atelier-cerise-et-lin.com\/index.php?rest_route=\/wp\/v2\/users\/1"}],"replies":[{"embeddable":true,"href":"https:\/\/atelier-cerise-et-lin.com\/index.php?rest_route=%2Fwp%2Fv2%2Fcomments&post=298"}],"version-history":[{"count":6,"href":"https:\/\/atelier-cerise-et-lin.com\/index.php?rest_route=\/wp\/v2\/posts\/298\/revisions"}],"predecessor-version":[{"id":306,"href":"https:\/\/atelier-cerise-et-lin.com\/index.php?rest_route=\/wp\/v2\/posts\/298\/revisions\/306"}],"wp:attachment":[{"href":"https:\/\/atelier-cerise-et-lin.com\/index.php?rest_route=%2Fwp%2Fv2%2Fmedia&parent=298"}],"wp:term":[{"taxonomy":"category","embeddable":true,"href":"https:\/\/atelier-cerise-et-lin.com\/index.php?rest_route=%2Fwp%2Fv2%2Fcategories&post=298"},{"taxonomy":"post_tag","embeddable":true,"href":"https:\/\/atelier-cerise-et-lin.com\/index.php?rest_route=%2Fwp%2Fv2%2Ftags&post=298"}],"curies":[{"name":"wp","href":"https:\/\/api.w.org\/{rel}","templated":true}]}}