{"id":290,"date":"2014-11-18T11:20:31","date_gmt":"2014-11-18T10:20:31","guid":{"rendered":"http:\/\/atelier-cerise-et-lin.com\/?p=290"},"modified":"2014-11-18T11:20:31","modified_gmt":"2014-11-18T10:20:31","slug":"prenez-le-temps-de-rever","status":"publish","type":"post","link":"https:\/\/atelier-cerise-et-lin.com\/?p=290","title":{"rendered":"Prenez le temps de r\u00eaver&#8230;"},"content":{"rendered":"<p>Dans mon petit atelier, je m&rsquo;active pour mon march\u00e9 de No\u00ebl. Quelques \u00e9toiles qui avaient bien plu l&rsquo;an dernier ont vu le jour, mais aussi quelques petits nuages, des blancs et des gris comme ceux du ciel d\u2019aujourd\u2019hui. Pour avoir la t\u00eate dans les \u00e9toiles ou \u00eatre sur un petit nuage&#8230;<\/p>\n<p><a href=\"https:\/\/atelier-cerise-et-lin.com\/wp-content\/uploads\/2014\/11\/Etoiles-et-nuages-012.jpg\"><img loading=\"lazy\" decoding=\"async\" class=\"alignnone size-full wp-image-291\" src=\"https:\/\/atelier-cerise-et-lin.com\/wp-content\/uploads\/2014\/11\/Etoiles-et-nuages-012.jpg\" alt=\"Etoiles et nuages 012\" width=\"1636\" height=\"1236\" srcset=\"https:\/\/atelier-cerise-et-lin.com\/wp-content\/uploads\/2014\/11\/Etoiles-et-nuages-012.jpg 1636w, https:\/\/atelier-cerise-et-lin.com\/wp-content\/uploads\/2014\/11\/Etoiles-et-nuages-012-300x226.jpg 300w, https:\/\/atelier-cerise-et-lin.com\/wp-content\/uploads\/2014\/11\/Etoiles-et-nuages-012-1024x773.jpg 1024w, https:\/\/atelier-cerise-et-lin.com\/wp-content\/uploads\/2014\/11\/Etoiles-et-nuages-012-600x453.jpg 600w\" sizes=\"auto, (max-width: 1636px) 100vw, 1636px\" \/><\/a><\/p>\n<p style=\"text-align: center;\"><a href=\"https:\/\/atelier-cerise-et-lin.com\/wp-content\/uploads\/2014\/11\/Etoiles-et-nuages-007.jpg\"><img loading=\"lazy\" decoding=\"async\" class=\"alignnone size-full wp-image-292\" src=\"https:\/\/atelier-cerise-et-lin.com\/wp-content\/uploads\/2014\/11\/Etoiles-et-nuages-007.jpg\" alt=\"Etoiles et nuages 007\" width=\"1636\" height=\"1236\" srcset=\"https:\/\/atelier-cerise-et-lin.com\/wp-content\/uploads\/2014\/11\/Etoiles-et-nuages-007.jpg 1636w, https:\/\/atelier-cerise-et-lin.com\/wp-content\/uploads\/2014\/11\/Etoiles-et-nuages-007-300x226.jpg 300w, https:\/\/atelier-cerise-et-lin.com\/wp-content\/uploads\/2014\/11\/Etoiles-et-nuages-007-1024x773.jpg 1024w, https:\/\/atelier-cerise-et-lin.com\/wp-content\/uploads\/2014\/11\/Etoiles-et-nuages-007-600x453.jpg 600w\" sizes=\"auto, (max-width: 1636px) 100vw, 1636px\" \/><\/a>Linge ancien et tissu gris de ma r\u00e9serve. Ruban organdis. \u00c9tiquettes \u00ab\u00a0Prenez le temps de r\u00eaver\u00a0\u00bb, \u00ab\u00a0Merry Christmas\u00a0\u00bb et \u00ab\u00a0Bonne Ann\u00e9e\u00a0\u00bb cousues sur les nuages et les \u00e9toiles (<a href=\"http:\/\/www.lamercerieparisienne.com\/fr\/\" target=\"_blank\">Entr\u00e9e des fournisseurs<\/a>).<\/p>\n<p style=\"text-align: center;\">March\u00e9 de No\u00ebl de Tollevast (Manche), le samedi 6 et le dimanche 7 d\u00e9cembre.<\/p>\n<p>&nbsp;<\/p>\n","protected":false},"excerpt":{"rendered":"<p>Dans mon petit atelier, je m&rsquo;active pour mon march\u00e9 de No\u00ebl. Quelques \u00e9toiles qui avaient bien plu l&rsquo;an dernier ont vu le jour, mais aussi quelques petits nuages, des blancs et des gris comme ceux du ciel d\u2019aujourd\u2019hui. Pour avoir la t\u00eate dans les \u00e9toiles ou \u00eatre sur un petit nuage&#8230; Linge ancien et tissu &#8230; <span class=\"more\"><a class=\"more-link\" href=\"https:\/\/atelier-cerise-et-lin.com\/?p=290\">[Read more&#8230;]<\/a><\/span><\/p>\n","protected":false},"author":1,"featured_media":0,"comment_status":"open","ping_status":"open","sticky":false,"template":"","format":"standard","meta":{"footnotes":""},"categories":[8,5],"tags":[],"class_list":{"0":"entry","1":"post","2":"publish","3":"author-nathalie","4":"post-290","6":"format-standard","7":"category-blanc","8":"category-couture"},"_links":{"self":[{"href":"https:\/\/atelier-cerise-et-lin.com\/index.php?rest_route=\/wp\/v2\/posts\/290","targetHints":{"allow":["GET"]}}],"collection":[{"href":"https:\/\/atelier-cerise-et-lin.com\/index.php?rest_route=\/wp\/v2\/posts"}],"about":[{"href":"https:\/\/atelier-cerise-et-lin.com\/index.php?rest_route=\/wp\/v2\/types\/post"}],"author":[{"embeddable":true,"href":"https:\/\/atelier-cerise-et-lin.com\/index.php?rest_route=\/wp\/v2\/users\/1"}],"replies":[{"embeddable":true,"href":"https:\/\/atelier-cerise-et-lin.com\/index.php?rest_route=%2Fwp%2Fv2%2Fcomments&post=290"}],"version-history":[{"count":5,"href":"https:\/\/atelier-cerise-et-lin.com\/index.php?rest_route=\/wp\/v2\/posts\/290\/revisions"}],"predecessor-version":[{"id":297,"href":"https:\/\/atelier-cerise-et-lin.com\/index.php?rest_route=\/wp\/v2\/posts\/290\/revisions\/297"}],"wp:attachment":[{"href":"https:\/\/atelier-cerise-et-lin.com\/index.php?rest_route=%2Fwp%2Fv2%2Fmedia&parent=290"}],"wp:term":[{"taxonomy":"category","embeddable":true,"href":"https:\/\/atelier-cerise-et-lin.com\/index.php?rest_route=%2Fwp%2Fv2%2Fcategories&post=290"},{"taxonomy":"post_tag","embeddable":true,"href":"https:\/\/atelier-cerise-et-lin.com\/index.php?rest_route=%2Fwp%2Fv2%2Ftags&post=290"}],"curies":[{"name":"wp","href":"https:\/\/api.w.org\/{rel}","templated":true}]}}